{"id":3739,"date":"2019-07-05T11:17:36","date_gmt":"2019-07-05T15:17:36","guid":{"rendered":"https:\/\/www.kangalou.com\/blog\/?p=3739"},"modified":"2023-06-15T11:28:37","modified_gmt":"2023-06-15T15:28:37","slug":"dix-idees-dactivites-a-faire-partout-au-quebec-cet-ete","status":"publish","type":"post","link":"https:\/\/www.kangalou.com\/blog\/fr\/dix-idees-dactivites-a-faire-partout-au-quebec-cet-ete\/","title":{"rendered":"Dix id\u00e9es d\u2019activit\u00e9s \u00e0 faire partout au Qu\u00e9bec cet \u00e9t\u00e9"},"content":{"rendered":"<p>Cet \u00e9t\u00e9, on ne fait ni une ni deux et on part \u00e0 la d\u00e9couverte de notre belle province. C\u2019est que le Qu\u00e9bec a beaucoup \u00e0 offrir : que l\u2019on s\u2019\u00e9vade tout le week-end ou que l\u2019on ait qu\u2019une journ\u00e9e <em>off<\/em> pour sortir de son quartier. Voici notre s\u00e9lection, de Montr\u00e9al au Saguenay\u2013Lac-Saint-Jean, pour t\u2019aider \u00e0 profiter \u00e0 fond de ton \u00e9t\u00e9.<\/p>\n<h2><strong>Le Festival d\u2019\u00e9t\u00e9 de Qu\u00e9bec &#8211; Qu\u00e9bec&nbsp;&nbsp;<\/strong><\/h2>\n<p><a href=\"https:\/\/www.instagram.com\/p\/BxSimIWFcOm\/?utm_source=ig_web_button_share_sheet&gt;https:\/\/www.instagram.com\/p\/BxSimIWFcOm\/?utm_source=ig_web_button_share_sheet\">https:\/\/www.instagram.com\/p\/BxSimIWFcOm\/?utm_source=ig_web_button_share_sheet&quot;&gt;https:\/\/www.instagram.com\/p\/BxSimIWFcOm\/?utm_source=ig_web_button_share_sheet<\/a><\/p>\n<p>Du 4 au 14 juillet, direction Festival d\u2019\u00e9t\u00e9 de Qu\u00e9bec\u2009! Avec ses sc\u00e8nes ext\u00e9rieures sur les plaines et ses sc\u00e8nes int\u00e9rieures situ\u00e9es au centre-ville de Qu\u00e9bec, c\u2019est le meilleur <em>spot<\/em> pour \u00e9couter des artistes de renom international \u2014 vous pourrez y entendre la mythique Mariah Carey, des \u00e9toiles montantes ou des voix bien d\u2019ici qu\u2019on adore : Koriass, Loud, \u00c9ric Lapointe. Onze journ\u00e9es de d\u00e9couvertes musicales et de reconnexion avec notre capitale nationale.<\/p>\n<p><strong><a href=\"http:\/\/www.feq.ca\/\">Festival d\u2019\u00e9t\u00e9 de Qu\u00e9bec<\/a><\/strong><\/p>\n<h2><strong>Un tour \u00e0 l\u2019Auberge festive Sea Shack<\/strong><strong> &#8211; Gasp\u00e9sie<\/strong><\/h2>\n<p><a href=\"https:\/\/www.instagram.com\/p\/BWSodCyFILJ\/\">https:\/\/www.instagram.com\/p\/BWSodCyFILJ\/<\/a><\/p>\n<p>Le Sea Shack est une auberge, mais c\u2019est bien plus que \u00e7a. Il s\u2019agit d\u2019une destination des plus festives\u2009! L\u2019endroit est rassembleur, on y rencontre des gens de tous les horizons. C\u2019est aussi un lieu pour bien manger et boire, mais, surtout, pour aller y \u00e9couter un bon spectacle&nbsp;: la programmation est toujours vari\u00e9e et de qualit\u00e9. On profite de tout \u00e7a dans un univers grandiose en pleine nature et avec, en prime, l\u2019air salin. On<em> book<\/em>!<\/p>\n<p><strong><a href=\"https:\/\/www.aubergefestive.com\/\">Auberge festive Sea Shack<\/a><\/strong><\/p>\n<h2><strong>L\u2019exp\u00e9rience Foresta Lumina &#8211; Coaticook<\/strong><\/h2>\n<p><a href=\"https:\/\/www.instagram.com\/p\/BXhBvCLntpq\/\">https:\/\/www.instagram.com\/p\/BXhBvCLntpq\/<\/a><\/p>\n<p>Quand nature et multim\u00e9dia font bon m\u00e9nage, on y court\u2009! Foresta Lumina, c\u2019est un parcours en pleine for\u00eat s\u2019\u00e9talant sur 2,6&nbsp;km. Cette exp\u00e9rience unique et immersive, con\u00e7ue en collaboration avec Moment Factory et les gens du parc de la Gorge de Coaticook, rend hommage \u00e0 cette luxuriante et pr\u00e9cieuse nature de la r\u00e9gion en s\u2019harmonisant avec elle. On la vit en pleine nuit (waouh\u2009!) avec, en toile de fond, une histoire peupl\u00e9e de cr\u00e9atures fantastiques.<\/p>\n<p><a href=\"http:\/\/forestalumina.com\/\"><strong>L\u2019exp\u00e9rience Foresta Lumina<\/strong><\/a><\/p>\n<h2><strong>Lol\u00eb White Tour &#8211; Montr\u00e9al<\/strong><\/h2>\n<p><a href=\"https:\/\/www.instagram.com\/p\/ByRObtKhJ5z\/\">https:\/\/www.instagram.com\/p\/ByRObtKhJ5z\/<\/a><\/p>\n<p>Les adeptes de yoga seront heureux d\u2019apprendre que le 17 ao\u00fbt prochain, une nouvelle \u00e9dition du Lol\u00eb White Tour prendra place au parc Jean-Drapeau, \u00e0 Montr\u00e9al. C\u2019est l\u2019occasion de s\u2019offrir une belle s\u00e9ance de yoga, guid\u00e9e par des professeurs formidables d\u2019ici comme d\u2019ailleurs et entour\u00e9e par une foule de yogis conquis d\u2019avance. Tous ces gens unis pour souligner et c\u00e9l\u00e9brer la paix, l\u2019espoir, l\u2019\u00e9galit\u00e9 et l\u2019unicit\u00e9, ce n\u2019est pas rien\u2009! Pr\u00e9parez votre kit blanc et venez faire vibrer vos chakras\u2009! Ah\u2009! Et puis, on apporte son tapis dont on n\u2019a plus besoin pour lui offrir une seconde vie. P\u2019tit <em>twist <\/em>\u00e9colo qu\u2019on aime.<\/p>\n<p><strong><a href=\"http:\/\/www.lolewhitetour.com\/\">Lol\u00eb White Tour<\/a><\/strong><\/p>\n<h2><strong>Une balade \u00e0 La Maison Lavande &#8211; Saint-Eustache<\/strong><\/h2>\n<p><a href=\"https:\/\/www.instagram.com\/p\/BwFi_t-JhFK\/\">https:\/\/www.instagram.com\/p\/BwFi_t-JhFK\/<\/a><\/p>\n<p>Ton <em>feed<\/em> Instagram a s\u00fbrement d\u00e9j\u00e0 affich\u00e9 de magnifiques photos d\u2019amis profitant des champs de La Maison Lavande, non\u2009? Maintenant, c\u2019est ton tour\u2009! Accessible tous les jours, l\u2019espace propose une foule d\u2019activit\u00e9s&nbsp;: son bistro (on craque d\u2019avance pour sa limonade \u00e0 la lavande), des prestations musicales, la chance de profiter de soir\u00e9es coucher de soleil et de petits moments zen en massoth\u00e9rapie. On peut m\u00eame organiser un pique-nique Boho dans les champs avec ses amis et sa famille.<\/p>\n<p><strong><a href=\"https:\/\/www.maisonlavande.ca\/\">La Maison Lavande<\/a><\/strong><\/p>\n<h2><strong>La pyramide PY1 du Vieux-Port de Montr\u00e9al &#8211; Montr\u00e9al<\/strong><\/h2>\n<p><a href=\"https:\/\/www.instagram.com\/p\/BxKlZE6gsDF\/\">https:\/\/www.instagram.com\/p\/BxKlZE6gsDF\/<\/a><\/p>\n<p>Guy Lalibert\u00e9 r\u00e9cidive avec son imagination d\u00e9bordante et propose au Qu\u00e9bec, en primeur, sa toute nouvelle cr\u00e9ation, la pyramide&nbsp;PY1 et son spectacle multim\u00e9dia de 60 minutes&nbsp;: <em>Au-del\u00e0 des \u00e9chos<\/em>. Une aventure inoubliable \u00e0 travers le temps et l\u2019espace o\u00f9 l\u2019acteur principal, c\u2019est toi\u2009! Et c\u2019est sans compter les diff\u00e9rentes soir\u00e9es th\u00e9matiques, des exp\u00e9riences de nuit revisit\u00e9es qui seront \u00e0 l\u2019agenda durant la saison estivale. \u00c0 s\u2019offrir avant que cette surprenante pyramide quitte Montr\u00e9al.<\/p>\n<p><strong><a href=\"https:\/\/py1.co\/\">PY1<\/a><\/strong><\/p>\n<h2><strong>Une journ\u00e9e \u00e0 la plage du Lac Simon &#8211; Outaouais<\/strong><\/h2>\n<p>https:\/\/www.instagram.com\/p\/BzdrbBWn69p\/<\/p>\n<p>Consid\u00e9r\u00e9e comme l\u2019une des 10 plus belles plages du Qu\u00e9bec (rien de moins), celle du Centre touristique du Lac-Simon est un <em>must<\/em> pour les amateurs de sable fin et d\u2019eau claire\u2026 m\u00eame cristalline. Ce sont deux kilom\u00e8tres de plaisir pour t\u2019y balader, faire saucette, et m\u00eame, pratiquer des sports nautiques&nbsp;: kayak, planche \u00e0 pagaie et p\u00e9dalo. D\u00e8s le 21 juin, on apporte son lunch, sa serviette et sa cr\u00e8me solaire et on profite un max de l\u2019\u00e9t\u00e9\u2009! Ah\u2009! Et sache qu\u2019une tonne d\u2019activit\u00e9s te sont offertes, notamment de la trampoline. Pourquoi pas!<\/p>\n<p><strong><a href=\"https:\/\/www.sepaq.com\/ct\/sim\/index.dot?language_id=2\">Centre Touristique du Lac Simon<\/a><\/strong><\/p>\n<h2><strong>Profiter des terrasses &#8211; Montr\u00e9al<\/strong><\/h2>\n<p>https:\/\/www.instagram.com\/p\/BzgerTnnLWO\/<\/p>\n<p>Des terrasses \u00e0 Montr\u00e9al, il y en a tout plein, et c\u2019est cet \u00e9t\u00e9 qu\u2019il faut y accourir. Vous aimez l\u2019ambiance h\u00f4tel qui vous donne l\u2019impression d\u2019\u00eatre bien loin de chez vous\u2009? Plusieurs \u00e9tablissements h\u00f4teliers proposent de magnifiques terrasses sur le toit&nbsp;: la <a href=\"https:\/\/www.marriott.fr\/hotel-restaurants\/yulmd-renaissance-montreal-downtown-hotel\/air-rooftop-terrace\/5887003\/home-page.mi\">terrasse de l\u2019H\u00f4tel Renaissance<\/a>, au centre-ville, offre une vue surprenante et, dans le Vieux-Montr\u00e9al, le <a href=\"https:\/\/hotelwilliamgray.com\/food\/terrasse-william-gray\/\">William Gray<\/a> propose de rafra\u00eechissants cocktails avec vue sur la place Jacques-Cartier. D\u2019autres recommandations\u2009? Le d\u00e9tendu <a href=\"http:\/\/www.ste-elisabeth.com\/\">Sainte-\u00c9lisabeth<\/a>, dans le Quartier latin, le tr\u00e8s instagrammable <a href=\"http:\/\/perchemtl.com\/?gclid=CjwKCAjw3azoBRAXEiwA-_64Om-rfGdmw5J_BdxS7dnQ72L-CI6OAHLu_S5Vg4yDK9UwLI1zhJXCThoCLjUQAvD_BwE\">Perch\u00e9<\/a> et, finalement, l\u2019incontournable <a href=\"https:\/\/jardinnelson.com\/\">Jardin Nelson<\/a>.<\/p>\n<h2><strong>Une visite au spa dans les Cantons-de-l\u2019Est<\/strong><\/h2>\n<p><a href=\"https:\/\/www.instagram.com\/p\/Bv94oPTnT-b\/?utm_source=ig_web_button_share_sheet\">https:\/\/www.instagram.com\/p\/Bv94oPTnT-b\/?utm_source=ig_web_button_share_sheet<\/a><\/p>\n<p>La r\u00e9gion des Cantons-de-l\u2019Est est LA destination pour faire une pause de son quotidien\u2009! En plus de sa nature reposante et abondante, cette r\u00e9gion pr\u00e9sente une <em>top <\/em>s\u00e9lection de destinations spa. On profite d\u2019une journ\u00e9e ou d\u2019un week-end pour s\u2019offrir un long moment dans ses circuits d\u2019eaux ou dans ses lacs naturels. On s\u2019offre m\u00eame un massage suivi d\u2019une petite marche en nature. C\u2019est aussi l\u2019occasion de prendre un verre de vin pr\u00e8s d\u2019un feu ou de profiter d\u2019un bon repas nature avec le plaisir de manger des ingr\u00e9dients frais et bien d\u2019ici. <a href=\"https:\/\/www.balnea.ca\/\">Spa Baln\u00e9a<\/a>, <a href=\"https:\/\/www.spabolton.com\/\">Spa Bolton<\/a>, ou <a href=\"https:\/\/www.spa-eastman.com\/fr\/\">Spa Eastman<\/a>, faites votre choix\u2009!<\/p>\n<p><strong><a href=\"https:\/\/www.cantonsdelest.com\/tag\/219\/spas-et-detente\">Destinations spas et d\u00e9tente Cantons-de-l\u2019Est<\/a><\/strong><\/p>\n<h2><strong>Festival des Bi\u00e8res du Monde &#8211; Saguenay\u2013Lac-Saint-Jean<\/strong><\/h2>\n<p>https:\/\/www.instagram.com\/p\/BlhMyEcnWwa\/<\/p>\n<p>Amatrice de bonnes bi\u00e8res et de bons moments\u2009? Si vous \u00eates dans la r\u00e9gion du Saguenay\u2013Lac-Saint-Jean les 18, 19 et 20 juillet prochains, vous serez choy\u00e9e en prenant la direction du Festival des Bi\u00e8res du Monde de Saguenay, le 2<sup>e<\/sup> plus important \u00e9v\u00e9nement brassicole au Qu\u00e9bec. Au menu, plus de 65 microbrasseries sur place, des produits du terroir et une programmation musicale diversifi\u00e9e (NOFX, Flo Rida, Vulgaires Machins). Une belle fa\u00e7on de d\u00e9couvrir ou de red\u00e9couvrir la r\u00e9gion\u2009!<\/p>\n<p><strong><a href=\"http:\/\/bieresdumonde.ca\/\">Festival des Bi\u00e8res du Monde<\/a><\/strong><\/p>\n<p>&nbsp;<\/p>\n<p><strong>En collaboration avec Julie<\/strong><strong>&nbsp;<\/strong><strong>du blog<\/strong><strong>&nbsp;<a href=\"http:\/\/bohos.ca\/\" target=\"_blank\" rel=\"noopener noreferrer\">Bohos.ca<\/a><\/strong><\/p>\n<p>&nbsp;<\/p>\n","protected":false},"excerpt":{"rendered":"<p>Cet \u00e9t\u00e9, on ne fait ni une ni deux et on part \u00e0 la d\u00e9couverte de notre belle province. C\u2019est que le Qu\u00e9bec a beaucoup \u00e0 offrir : que l\u2019on s\u2019\u00e9vade tout le week-end ou que l\u2019on ait qu\u2019une journ\u00e9e off pour sortir de son quartier. Voici notre s\u00e9lection, de Montr\u00e9al au Saguenay\u2013Lac-Saint-Jean, pour t\u2019aider [&hellip;]<\/p>\n","protected":false},"author":27,"featured_media":3754,"comment_status":"closed","ping_status":"closed","sticky":false,"template":"","format":"standard","meta":{"_acf_changed":false,"_monsterinsights_skip_tracking":false,"_monsterinsights_sitenote_active":false,"_monsterinsights_sitenote_note":"","_monsterinsights_sitenote_category":0,"footnotes":""},"categories":[2789],"yst_prominent_words":[1025,47,991,992,990,1024,1023,1001,999,1007,1012,1011,1027,1016,1015,1019,1021,177,1000,1017],"acf":[],"_links":{"self":[{"href":"https:\/\/www.kangalou.com\/blog\/fr\/wp-json\/wp\/v2\/posts\/3739"}],"collection":[{"href":"https:\/\/www.kangalou.com\/blog\/fr\/wp-json\/wp\/v2\/posts"}],"about":[{"href":"https:\/\/www.kangalou.com\/blog\/fr\/wp-json\/wp\/v2\/types\/post"}],"author":[{"embeddable":true,"href":"https:\/\/www.kangalou.com\/blog\/fr\/wp-json\/wp\/v2\/users\/27"}],"replies":[{"embeddable":true,"href":"https:\/\/www.kangalou.com\/blog\/fr\/wp-json\/wp\/v2\/comments?post=3739"}],"version-history":[{"count":30,"href":"https:\/\/www.kangalou.com\/blog\/fr\/wp-json\/wp\/v2\/posts\/3739\/revisions"}],"predecessor-version":[{"id":12824,"href":"https:\/\/www.kangalou.com\/blog\/fr\/wp-json\/wp\/v2\/posts\/3739\/revisions\/12824"}],"wp:featuredmedia":[{"embeddable":true,"href":"https:\/\/www.kangalou.com\/blog\/fr\/wp-json\/wp\/v2\/media\/3754"}],"wp:attachment":[{"href":"https:\/\/www.kangalou.com\/blog\/fr\/wp-json\/wp\/v2\/media?parent=3739"}],"wp:term":[{"taxonomy":"category","embeddable":true,"href":"https:\/\/www.kangalou.com\/blog\/fr\/wp-json\/wp\/v2\/categories?post=3739"},{"taxonomy":"yst_prominent_words","embeddable":true,"href":"https:\/\/www.kangalou.com\/blog\/fr\/wp-json\/wp\/v2\/yst_prominent_words?post=3739"}],"curies":[{"name":"wp","href":"https:\/\/api.w.org\/{rel}","templated":true}]}}